{"id":398,"date":"2021-03-26T10:18:00","date_gmt":"2021-03-26T09:18:00","guid":{"rendered":"http:\/\/uniagp.home.amu.edu.pl\/?p=398"},"modified":"2021-12-17T10:19:00","modified_gmt":"2021-12-17T09:19:00","slug":"ksztalcenie-w-zakresie-gospodarowania-przestrzenia-w-roznych-typach-szkol-sprawozdanie-z-konferencji","status":"publish","type":"post","link":"http:\/\/uniagp.home.amu.edu.pl\/?p=398","title":{"rendered":"Kszta\u0142cenie w Zakresie Gospodarowania Przestrzeni\u0105 w R\u00f3\u017cnych Typach Szk\u00f3\u0142 &#8211; sprawozdanie z konferencji"},"content":{"rendered":"\n<p> W dniu 25 marca 2021 r. odby\u0142a si\u0119 w formie zdalnej <strong>konferencja dydaktyczna<\/strong> Unii Uczelni na Rzecz Rozwoju Kierunk\u00f3w Studi\u00f3w w Zakresie Gospodarowania Przestrzeni\u0105 oraz Zespo\u0142u Problemowego ds. Kszta\u0142cenia i Rozwoju Kadr z Zakresu Gospodarki Przestrzennej KPZK PAN pod tytu\u0142em <em><strong>\u201eKszta\u0142cenie w zakresie gospodarowania przestrzeni\u0105 w r\u00f3\u017cnych typach szk\u00f3\u0142\u201d<\/strong><\/em>.<\/p>\n\n\n\n<p> Szczeg\u00f3\u0142y na temat wydarzenia mo\u017cna znale\u017a\u0107 <a href=\"http:\/\/uniagp.home.amu.edu.pl\/?page_id=316\">tutaj<\/a>.  <\/p>\n\n\n\n<figure class=\"wp-block-image size-large\"><img loading=\"lazy\" width=\"1024\" height=\"576\" src=\"http:\/\/uniagp.home.amu.edu.pl\/wp-content\/uploads\/2021\/03\/TLO-_konferencja_01-1024x576.jpg\" alt=\"\" class=\"wp-image-311\" srcset=\"http:\/\/uniagp.home.amu.edu.pl\/wp-content\/uploads\/2021\/03\/TLO-_konferencja_01-1024x576.jpg 1024w, http:\/\/uniagp.home.amu.edu.pl\/wp-content\/uploads\/2021\/03\/TLO-_konferencja_01-300x169.jpg 300w, http:\/\/uniagp.home.amu.edu.pl\/wp-content\/uploads\/2021\/03\/TLO-_konferencja_01-768x432.jpg 768w, http:\/\/uniagp.home.amu.edu.pl\/wp-content\/uploads\/2021\/03\/TLO-_konferencja_01-1536x864.jpg 1536w, http:\/\/uniagp.home.amu.edu.pl\/wp-content\/uploads\/2021\/03\/TLO-_konferencja_01-2048x1152.jpg 2048w, http:\/\/uniagp.home.amu.edu.pl\/wp-content\/uploads\/2021\/03\/TLO-_konferencja_01-500x281.jpg 500w\" sizes=\"(max-width: 1024px) 100vw, 1024px\" \/><\/figure>\n","protected":false},"excerpt":{"rendered":"<p>W dniu 25 marca 2021 r. odby\u0142a si\u0119 w formie zdalnej konferencja dydaktyczna Unii Uczelni na Rzecz Rozwoju Kierunk\u00f3w Studi\u00f3w w Zakresie Gospodarowania Przestrzeni\u0105 oraz Zespo\u0142u Problemowego ds. Kszta\u0142cenia i Rozwoju Kadr z Zakresu Gospodarki Przestrzennej KPZK PAN pod tytu\u0142em \u201eKszta\u0142cenie w zakresie gospodarowania przestrzeni\u0105 w r\u00f3\u017cnych typach szk\u00f3\u0142\u201d. <a href=\"http:\/\/uniagp.home.amu.edu.pl\/?p=398\">Czytaj dalej <span class=\"meta-nav\">&rarr;<\/span><\/a><\/p>\n","protected":false},"author":1,"featured_media":311,"comment_status":"closed","ping_status":"closed","sticky":false,"template":"","format":"standard","meta":[],"categories":[1],"tags":[],"_links":{"self":[{"href":"http:\/\/uniagp.home.amu.edu.pl\/index.php?rest_route=\/wp\/v2\/posts\/398"}],"collection":[{"href":"http:\/\/uniagp.home.amu.edu.pl\/index.php?rest_route=\/wp\/v2\/posts"}],"about":[{"href":"http:\/\/uniagp.home.amu.edu.pl\/index.php?rest_route=\/wp\/v2\/types\/post"}],"author":[{"embeddable":true,"href":"http:\/\/uniagp.home.amu.edu.pl\/index.php?rest_route=\/wp\/v2\/users\/1"}],"replies":[{"embeddable":true,"href":"http:\/\/uniagp.home.amu.edu.pl\/index.php?rest_route=%2Fwp%2Fv2%2Fcomments&post=398"}],"version-history":[{"count":2,"href":"http:\/\/uniagp.home.amu.edu.pl\/index.php?rest_route=\/wp\/v2\/posts\/398\/revisions"}],"predecessor-version":[{"id":401,"href":"http:\/\/uniagp.home.amu.edu.pl\/index.php?rest_route=\/wp\/v2\/posts\/398\/revisions\/401"}],"wp:featuredmedia":[{"embeddable":true,"href":"http:\/\/uniagp.home.amu.edu.pl\/index.php?rest_route=\/wp\/v2\/media\/311"}],"wp:attachment":[{"href":"http:\/\/uniagp.home.amu.edu.pl\/index.php?rest_route=%2Fwp%2Fv2%2Fmedia&parent=398"}],"wp:term":[{"taxonomy":"category","embeddable":true,"href":"http:\/\/uniagp.home.amu.edu.pl\/index.php?rest_route=%2Fwp%2Fv2%2Fcategories&post=398"},{"taxonomy":"post_tag","embeddable":true,"href":"http:\/\/uniagp.home.amu.edu.pl\/index.php?rest_route=%2Fwp%2Fv2%2Ftags&post=398"}],"curies":[{"name":"wp","href":"https:\/\/api.w.org\/{rel}","templated":true}]}}